{"id":793,"date":"2026-02-12T16:24:00","date_gmt":"2026-02-12T15:24:00","guid":{"rendered":"https:\/\/www.apic.bzh\/?p=793"},"modified":"2026-03-13T16:35:26","modified_gmt":"2026-03-13T15:35:26","slug":"soutien-a-plabennec-au-coeur","status":"publish","type":"post","link":"https:\/\/www.apic.bzh\/index.php\/2026\/02\/12\/soutien-a-plabennec-au-coeur\/","title":{"rendered":"Soutien \u00e0 Plabennec au C\u0153ur"},"content":{"rendered":"\n<p>Le 10 f\u00e9vrier, APIC a organis\u00e9 sa deuxi\u00e8me r\u00e9union publique. Plus de 70 personnes \u00e9taient pr\u00e9sentes.<\/p>\n\n\n\n<p>Merci \u00e0 vous adh\u00e9rentes, adh\u00e9rents, sympathisantes et sympathisants pour votre participation.<\/p>\n\n\n\n<p>Lors de cette r\u00e9union, APIC a soutenu publiquement la liste <a href=\"http:\/\/www.plabaucoeur.bzh\" data-type=\"link\" data-id=\"www.plabaucoeur.bzh\">Plabennec au C\u0153ur<\/a>, men\u00e9e par H\u00e9l\u00e8ne Tonard.<\/p>\n\n\n\n<p>Donnez-leur votre soutien!<\/p>\n\n\n<div class=\"wp-block-image\">\n<figure class=\"aligncenter size-large is-resized\"><img loading=\"lazy\" decoding=\"async\" width=\"819\" height=\"1024\" src=\"https:\/\/www.apic.bzh\/wp-content\/uploads\/2026\/03\/626300966_17851944732630719_3114526659019727568_n-819x1024.jpg\" alt=\"\" class=\"wp-image-794\" style=\"width:654px;height:auto\" srcset=\"https:\/\/www.apic.bzh\/wp-content\/uploads\/2026\/03\/626300966_17851944732630719_3114526659019727568_n-819x1024.jpg 819w, https:\/\/www.apic.bzh\/wp-content\/uploads\/2026\/03\/626300966_17851944732630719_3114526659019727568_n-240x300.jpg 240w, https:\/\/www.apic.bzh\/wp-content\/uploads\/2026\/03\/626300966_17851944732630719_3114526659019727568_n-768x960.jpg 768w, https:\/\/www.apic.bzh\/wp-content\/uploads\/2026\/03\/626300966_17851944732630719_3114526659019727568_n-1228x1536.jpg 1228w, https:\/\/www.apic.bzh\/wp-content\/uploads\/2026\/03\/626300966_17851944732630719_3114526659019727568_n-864x1080.jpg 864w, https:\/\/www.apic.bzh\/wp-content\/uploads\/2026\/03\/626300966_17851944732630719_3114526659019727568_n.jpg 1350w\" sizes=\"(max-width: 819px) 100vw, 819px\" \/><\/figure>\n<\/div>","protected":false},"excerpt":{"rendered":"<p>Le 10 f\u00e9vrier, APIC a organis\u00e9 sa deuxi\u00e8me r\u00e9union publique. Plus de 70 personnes \u00e9taient pr\u00e9sentes. Merci \u00e0 vous adh\u00e9rentes, adh\u00e9rents, sympathisantes et sympathisants pour votre participation. Lors de cette [&hellip;]<\/p>\n","protected":false},"author":1,"featured_media":794,"comment_status":"open","ping_status":"open","sticky":false,"template":"","format":"standard","meta":{"saved_in_kubio":false,"footnotes":""},"categories":[16,15],"tags":[],"class_list":["post-793","post","type-post","status-publish","format-standard","has-post-thumbnail","hentry","category-actualites","category-communique"],"_links":{"self":[{"href":"https:\/\/www.apic.bzh\/index.php\/wp-json\/wp\/v2\/posts\/793","targetHints":{"allow":["GET"]}}],"collection":[{"href":"https:\/\/www.apic.bzh\/index.php\/wp-json\/wp\/v2\/posts"}],"about":[{"href":"https:\/\/www.apic.bzh\/index.php\/wp-json\/wp\/v2\/types\/post"}],"author":[{"embeddable":true,"href":"https:\/\/www.apic.bzh\/index.php\/wp-json\/wp\/v2\/users\/1"}],"replies":[{"embeddable":true,"href":"https:\/\/www.apic.bzh\/index.php\/wp-json\/wp\/v2\/comments?post=793"}],"version-history":[{"count":1,"href":"https:\/\/www.apic.bzh\/index.php\/wp-json\/wp\/v2\/posts\/793\/revisions"}],"predecessor-version":[{"id":795,"href":"https:\/\/www.apic.bzh\/index.php\/wp-json\/wp\/v2\/posts\/793\/revisions\/795"}],"wp:featuredmedia":[{"embeddable":true,"href":"https:\/\/www.apic.bzh\/index.php\/wp-json\/wp\/v2\/media\/794"}],"wp:attachment":[{"href":"https:\/\/www.apic.bzh\/index.php\/wp-json\/wp\/v2\/media?parent=793"}],"wp:term":[{"taxonomy":"category","embeddable":true,"href":"https:\/\/www.apic.bzh\/index.php\/wp-json\/wp\/v2\/categories?post=793"},{"taxonomy":"post_tag","embeddable":true,"href":"https:\/\/www.apic.bzh\/index.php\/wp-json\/wp\/v2\/tags?post=793"}],"curies":[{"name":"wp","href":"https:\/\/api.w.org\/{rel}","templated":true}]}}